{"id":2206,"date":"2021-08-03T10:00:00","date_gmt":"2021-08-03T10:00:00","guid":{"rendered":"https:\/\/www.serbianama.org\/?p=2206"},"modified":"2021-12-19T15:52:37","modified_gmt":"2021-12-19T15:52:37","slug":"ekg-aparate-su-dobile-ambulante-u-azanji-selevcu-cerovcu-i-ratarima","status":"publish","type":"post","link":"https:\/\/www.serbianama.org\/sr\/ekg-aparate-su-dobile-ambulante-u-azanji-selevcu-cerovcu-i-ratarima\/","title":{"rendered":"\u0415\u041a\u0413 \u0430\u043f\u0430\u0440\u0430\u0442\u0438 \u0441\u0443 \u0434\u043e\u0431\u0438\u043b\u0438 \u0430\u043c\u0431\u0443\u043b\u0430\u043d\u0442\u0435 \u0443 \u0410\u0437\u0430\u045a\u0438, \u0421\u0435\u043b\u0435\u0432\u0446\u0443, \u0426\u0435\u0440\u043e\u0432\u0446\u0443 \u0438 \u0420\u0430\u0442\u0430\u0440\u0438\u043c\u0430"},"content":{"rendered":"<p><a href=\"http:\/\/tvjasenica.rs\/vesti.php?id_vesti=16518&amp;id_nad=44#.YQ_8qa8zY2x\" target=\"_blank\" rel=\"noopener\"><strong><em><span class=\"has-inline-color has-black-color\">\u0423 \u043f\u0438\u0442<\/span><\/em><span class=\"has-inline-color has-black-color\"><em>\u0430<\/em>\u045a\u0443 \u0458\u0435 \u0434\u043e\u043d\u0430\u0446\u0438\u0458\u0430 <\/span><a href=\"http:\/\/tvjasenica.rs\/vesti.php?id_vesti=16518&amp;id_nad=44#.YQ_8qa8zY2x\" target=\"_blank\" rel=\"noreferrer noopener\" class=\"rank-math-link\"><span class=\"has-inline-color has-black-color\">\u0423\u0434\u0440\u0443\u0436\u0435\u045a\u0430 \u0421\u0410\u041c\u0410 \u0438\u0437 \u041c\u0435\u0440\u0438\u043b\u0435\u043d\u0434\u0430.<\/span><\/a><\/strong><\/a><\/p>\n\n\n<p>\u0415\u041a\u0413 \u0430\u043f\u0430\u0440\u0430\u0442\u0438 \u0441\u0443 \u0434\u043e\u0431\u0438\u043b\u0438 \u0430\u043c\u0431\u0443\u043b\u0430\u043d\u0442\u0435 \u0443 \u0410\u0437\u0430\u045a\u0438, \u0421\u0435\u043b\u0435\u0432\u0446\u0443, \u0426\u0435\u0440\u043e\u0432\u0446\u0443 \u0438 \u0420\u0430\u0442\u0430\u0440\u0438\u043c\u0430. \u0410\u043f\u0430\u0440\u0430\u0442\u0438 \u0437\u0430 \u0435\u043b\u0435\u043a\u0442\u0440\u043e\u043a\u0430\u0440\u0434\u0438\u043e\u0433\u0440\u0430\u0444\u0438\u0458\u0443 \u045b\u0435 \u0437\u043d\u0430\u0447\u0430\u0458\u043d\u043e \u0443\u043d\u0430\u043f\u0440\u0435\u0434\u0438\u0442\u0438 \u0440\u0430\u0434 \u0430\u043c\u0431\u0443\u043b\u0430\u043d\u0442\u0438 \u0443 \u0441\u0435\u043e\u0441\u043a\u0438\u043c \u0441\u0440\u0435\u0434\u0438\u043d\u0430\u043c\u0430.<\/p>\n<p>\u0418\u043d\u0430\u0447\u0435, \u0421\u0440\u043f\u0441\u043a\u043e \u0430\u043c\u0435\u0440\u0438\u0447\u043a\u043e \u043c\u0435\u0434\u0438\u0446\u0438\u043d\u0441\u043a\u043e \u0443\u0434\u0440\u0443\u0436\u0435\u045a\u0435 \u201d\u0421\u0410\u041c\u0410\u201d \u0438\u0437 \u041c\u0435\u0440\u0438\u043b\u0435\u043d\u0434\u0430 \u0458\u0435 \u043d\u0435\u043f\u0440\u043e\u0444\u0438\u0442\u043d\u0430 \u043e\u0440\u0433\u0430\u043d\u0438\u0437\u0430\u0446\u0438\u0458\u0430, \u043e\u0441\u043d\u043e\u0432\u0430\u043d\u0430 2009. \u0433\u043e\u0434\u0438\u043d\u0435, \u043a\u043e\u0458\u0430 \u0441\u0432\u0430\u043a\u0435 \u0433\u043e\u0434\u0438\u043d\u0435, \u043f\u043e\u0440\u0435\u0434 \u043e\u0441\u0442\u0430\u043b\u0438\u0445 \u0430\u043a\u0442\u0438\u0432\u043d\u043e\u0441\u0442\u0438, \u043e\u0440\u0433\u0430\u043d\u0438\u0437\u0443\u0458\u0435 \u0434\u043e\u043d\u0430\u0442\u043e\u0440\u0441\u043a\u0435 \u0434\u043e\u0433\u0430\u0452\u0430\u0458\u0435 \u0443 \u0412\u0430\u0448\u0438\u043d\u0433\u0442\u043e\u043d\u0443, \u0427\u0438\u043a\u0430\u0433\u0443 \u0438 \u0422\u043e\u0440\u043e\u043d\u0442\u0443, \u043a\u0430\u043a\u043e \u0431\u0438 \u043f\u043e\u043c\u043e\u0433\u043b\u0430 \u0437\u0434\u0440\u0430\u0432\u0441\u0442\u0432\u0435\u043d\u0438\u043c \u0443\u0441\u0442\u0430\u043d\u043e\u0432\u0430\u043c\u0430 \u0443 \u0421\u0440\u0431\u0438\u0458\u0438.<\/p>\n\n\n<p>&nbsp;&nbsp;<\/p>\n\n\n\n<figure class=\"wp-block-embed is-type-video is-provider-youtube wp-block-embed-youtube wp-embed-aspect-16-9 wp-has-aspect-ratio\"><div class=\"wp-block-embed__wrapper\">\n<iframe title=\"\u0415\u041a\u0413 \u0430\u043f\u0430\u0440\u0430\u0442\u0438 \u0434\u043e\u043d\u0430\u0446\u0438\u0458\u0430 \u043e\u0434 \u0421\u0410\u041d\u0410-\u0435 \u0437\u0430 \u0414\u043e\u043c \u0437\u0434\u0440\u0430\u0432\u0459\u0430 \u0443 \u0421\u043c\u0435\u0434\u0435\u0440\u0435\u0432\u0441\u043a\u043e\u0458 \u041f\u0430\u043b\u0430\u043d\u0446\u0438\" width=\"800\" height=\"450\" src=\"https:\/\/www.youtube.com\/embed\/aGmuH-4C_RQ?feature=oembed\" frameborder=\"0\" allow=\"accelerometer; autoplay; clipboard-write; encrypted-media; gyroscope; picture-in-picture\" allowfullscreen><\/iframe>\n<\/div><\/figure>","protected":false},"excerpt":{"rendered":"<p>U pitanju je donacija Udru\u017eenja SAMA iz Merilenda. EKG aparate su dobile ambulante u Azanji, Selevcu, Cerovcu i Ratarima.&nbsp; &nbsp;Aparati za elektrokardiografiju \u0107e zna\u010dajno unaprediti rad ambulanti u seoskim sredinama. Ina\u010de, Srpsko ameri\u010dko medicinsko udru\u017eenje \u201dSAMA\u201d&nbsp;iz Merilenda&nbsp;je neprofitna organizacija, osnovana 2009. godine, koja svake godine, pored ostalih aktivnosti, organizuje donatorske doga\u0111aje u Va\u0161ingtonu, \u010cikagu i [&hellip;]<\/p>\n","protected":false},"author":3,"featured_media":3594,"comment_status":"open","ping_status":"open","sticky":false,"template":"","format":"standard","meta":{"give_campaign_id":0,"footnotes":""},"categories":[29],"tags":[],"class_list":["post-2206","post","type-post","status-publish","format-standard","has-post-thumbnail","hentry","category-news"],"_links":{"self":[{"href":"https:\/\/www.serbianama.org\/sr\/wp-json\/wp\/v2\/posts\/2206","targetHints":{"allow":["GET"]}}],"collection":[{"href":"https:\/\/www.serbianama.org\/sr\/wp-json\/wp\/v2\/posts"}],"about":[{"href":"https:\/\/www.serbianama.org\/sr\/wp-json\/wp\/v2\/types\/post"}],"author":[{"embeddable":true,"href":"https:\/\/www.serbianama.org\/sr\/wp-json\/wp\/v2\/users\/3"}],"replies":[{"embeddable":true,"href":"https:\/\/www.serbianama.org\/sr\/wp-json\/wp\/v2\/comments?post=2206"}],"version-history":[{"count":0,"href":"https:\/\/www.serbianama.org\/sr\/wp-json\/wp\/v2\/posts\/2206\/revisions"}],"wp:featuredmedia":[{"embeddable":true,"href":"https:\/\/www.serbianama.org\/sr\/wp-json\/wp\/v2\/media\/3594"}],"wp:attachment":[{"href":"https:\/\/www.serbianama.org\/sr\/wp-json\/wp\/v2\/media?parent=2206"}],"wp:term":[{"taxonomy":"category","embeddable":true,"href":"https:\/\/www.serbianama.org\/sr\/wp-json\/wp\/v2\/categories?post=2206"},{"taxonomy":"post_tag","embeddable":true,"href":"https:\/\/www.serbianama.org\/sr\/wp-json\/wp\/v2\/tags?post=2206"}],"curies":[{"name":"\u0412\u041f","href":"https:\/\/api.w.org\/{rel}","templated":true}]}}