{"id":1372,"date":"2017-06-10T01:55:00","date_gmt":"2017-06-10T01:55:00","guid":{"rendered":"https:\/\/www.serbianama.org\/?p=1372"},"modified":"2021-08-08T16:28:50","modified_gmt":"2021-08-08T16:28:50","slug":"posjeta-srpsko-americke-asocijacije-2","status":"publish","type":"post","link":"https:\/\/www.serbianama.org\/sr\/posjeta-srpsko-americke-asocijacije-2\/","title":{"rendered":"\u041f\u043e\u0441\u0458\u0435\u0442\u0430 \u0421\u0440\u043f\u0441\u043a\u043e-\u0430\u043c\u0435\u0440\u0438\u0447\u043a\u0435 \u0430\u0441\u043e\u0446\u0438\u0458\u0430\u0446\u0438\u0458\u0435"},"content":{"rendered":"<figure class=\"wp-block-image size-large\"><img fetchpriority=\"high\" decoding=\"async\" width=\"540\" height=\"280\" src=\"https:\/\/www.serbianama.org\/wp-content\/uploads\/2021\/05\/posjeta-asocijacije-Gradiski.jpg\" alt=\"\" class=\"wp-image-1373\" srcset=\"https:\/\/www.serbianama.org\/wp-content\/uploads\/2021\/05\/posjeta-asocijacije-Gradiski.jpg 540w, https:\/\/www.serbianama.org\/wp-content\/uploads\/2021\/05\/posjeta-asocijacije-Gradiski-300x156.jpg 300w\" sizes=\"(max-width: 540px) 100vw, 540px\" \/><\/figure>\n\n\n\n<blockquote class=\"wp-embedded-content\" data-secret=\"ul95oi9dhr\"><a href=\"https:\/\/www.bolnicagradiska.ba\/posjeta-srpsko-americke-asocijacije\/\" rel=\"noopener\">\u041f\u043e\u0441\u0458\u0435\u0442\u0430 \u0421\u0440\u043f\u0441\u043a\u043e-\u0430\u043c\u0435\u0440\u0438\u0447\u043a\u0435 \u0430\u0441\u043e\u0446\u0438\u0458\u0430\u0446\u0438\u0458\u0435<\/a><\/blockquote><iframe class=\"wp-embedded-content\" sandbox=\"allow-scripts\" security=\"restricted\" style=\"position: absolute; clip: rect(1px, 1px, 1px, 1px);\" title=\"\u201e\u041f\u043e\u0441\u0458\u0435\u0442\u0430 \u0421\u0440\u043f\u0441\u043a\u043e-\u0430\u043c\u0435\u0440\u0438\u0447\u043a\u0435 \u0430\u0441\u043e\u0446\u0438\u0458\u0430\u0446\u0438\u0458\u0435\u201d \u2014 \u0408\u0417\u0423 \u0411\u043e\u043b\u043d\u0438\u0446\u0430 \u0413\u0440\u0430\u0434\u0438\u0448\u043a\u0430\" src=\"https:\/\/www.bolnicagradiska.ba\/posjeta-srpsko-americke-asocijacije\/embed\/#?secret=ul95oi9dhr\" data-secret=\"ul95oi9dhr\" width=\"600\" height=\"338\" frameborder=\"0\" marginwidth=\"0\" marginheight=\"0\" scrolling=\"no\"><\/iframe>\n\n\n\n<p>\u0414\u0430\u043d\u0430 05.10.2017.\u0433\u043e\u0434\u0438\u043d\u0435 \u0408\u0417\u0423 \u0411\u043e\u043b\u043d\u0438\u0446\u0443 \u0413\u0440\u0430\u0434\u0438\u0448\u043a\u0430 \u043f\u043e\u0441\u0458\u0435\u0442\u0438\u043b\u0438 \u0441\u0443 \u043f\u0440\u0435\u0434\u0441\u0442\u0430\u0432\u043d\u0438\u0446\u0438 \u0421\u0440\u043f\u0441\u043a\u043e-\u0430\u043c\u0435\u0440\u0438\u0447\u043a\u0435 \u043c\u0435\u0434\u0438\u0446\u0438\u043d\u0441\u043a\u0435 \u0430\u0441\u043e\u0446\u0438\u0458\u0430\u0446\u0438\u0458\u0435-\u0421\u0410\u041c\u0410 (<a href=\"https:\/\/www.serbianama.org\/sr\/\">\u0432\u0432\u0432.\u0441\u0435\u0440\u0431\u0438\u0430\u043d\u0430\u043c\u0430.\u043e\u0440\u0433<\/a>).<\/p>\n\n\n\n<p>\u041f\u043e\u0432\u043e\u0434 \u043f\u043e\u0441\u0435\u0442\u0435 \u0431\u0438\u043b\u0430 \u0458\u0435 \u0441\u043f\u0440\u0435\u043c\u043d\u043e\u0441\u0442 \u0421\u0440\u043f\u0441\u043a\u043e-\u0430\u043c\u0435\u0440\u0438\u0447\u043a\u0435 \u043c\u0435\u0434\u0438\u0446\u0438\u043d\u0441\u043a\u0435 \u0430\u0441\u043e\u0446\u0438\u0458\u0430\u0446\u0438\u0458\u0435-\u0421\u0410\u041c\u0410 \u0434\u0430 \u0443\u0447\u0435\u0441\u0442\u0432\u0443\u0458\u0435 \u0443 \u0440\u0435\u043a\u043e\u043d\u0441\u0442\u0440\u0443\u043a\u0446\u0438\u0458\u0438 \u043f\u043e\u0458\u0435\u0434\u0438\u043d\u0438\u0445 \u043f\u0440\u043e\u0441\u0442\u043e\u0440\u043d\u0438\u0445 \u0434\u0435\u043b\u043e\u0432\u0430 \u0408\u0417\u0423 \u0411\u043e\u043b\u043d\u0438\u0446\u0435 \u0413\u0440\u0430\u0434\u0438\u0448\u043a\u0430.<\/p>\n\n\n\n<p>\u0421\u0440\u043f\u0441\u043a\u043e-\u0430\u043c\u0435\u0440\u0438\u0447\u043a\u0430 \u043c\u0435\u0434\u0438\u0446\u0438\u043d\u0441\u043a\u0430 \u0430\u0441\u043e\u0446\u0438\u0458\u0430\u0446\u0438\u0458\u0430-\u0421\u0410\u041c\u0410 \u0458\u0435 \u0434\u043e \u0441\u0430\u0434\u0430 \u043f\u0440\u0443\u0436\u0438\u043b\u0430 \u043e\u0432\u0430\u0458 \u0432\u0438\u0434 \u043f\u043e\u043c\u043e\u045b\u0438 \u0437\u0430 \u043f\u0440\u0435\u043a\u043e \u0434\u0432\u0430\u0434\u0435\u0441\u0435\u0442 \u0437\u0434\u0440\u0430\u0432\u0441\u0442\u0432\u0435\u043d\u0438\u0445 \u0443\u0441\u0442\u0430\u043d\u043e\u0432\u0430 \u0443 \u0420\u0435\u043f\u0443\u0431\u043b\u0438\u0446\u0438 \u0421\u0440\u0431\u0438\u0458\u0438.<\/p>\n\n\n\n<p>\u0423 \u0440\u0430\u0437\u0433\u043e\u0432\u043e\u0440\u0443 \u043f\u0440\u0435\u0434\u0441\u0442\u0430\u0432\u043d\u0438\u043a\u0430 \u0410\u0441\u043e\u0446\u0438\u0458\u0430\u0446\u0438\u0458\u0435 \u0441\u0430 \u0440\u0443\u043a\u043e\u0432\u043e\u0434\u0441\u0442\u0432\u043e\u043c \u0411\u043e\u043b\u043d\u0438\u0446\u0435 \u0438\u0437\u0440\u0430\u0436\u0435\u043d\u0430 \u0458\u0435 \u0441\u043f\u0440\u0435\u043c\u043d\u043e\u0441\u0442 \u0410\u0441\u043e\u0446\u0438\u0458\u0430\u0446\u0438\u0458\u0435 \u0434\u0430 \u0441\u0435 \u0443 \u043e\u043a\u0432\u0438\u0440\u0443 \u0441\u0432\u043e\u0458\u0438\u0445 \u043c\u043e\u0433\u0443\u045b\u043d\u043e\u0441\u0442\u0438 \u0443\u043a\u0459\u0443\u0447\u0438 \u0443 \u043f\u0440\u043e\u0446\u0435\u0441 \u0440\u0435\u043a\u043e\u043d\u0441\u0442\u0440\u0443\u043a\u0446\u0438\u0458\u0435 \u0411\u043e\u043b\u043d\u0438\u0446\u0435.<\/p>\n\n\n\n<p>\u0422\u0430\u043a\u043e\u0452\u0435, \u043e\u0432\u0438\u0445 \u0434\u0430\u043d\u0430 \u0441\u0435 \u043e\u0447\u0435\u043a\u0443\u0458\u0435 \u0440\u0435\u0430\u043b\u0438\u0437\u0430\u0446\u0438\u0458\u0430 \u0440\u0430\u043d\u0438\u0458\u0435 \u0434\u043e\u0433\u043e\u0432\u043e\u0440\u0435\u043d\u0435 \u0434\u043e\u043d\u0430\u0446\u0438\u0458\u0435 \u0438\u0441\u0442\u0435 \u0410\u0441\u043e\u0446\u0438\u0458\u0430\u0446\u0438\u0458\u0435 \u043f\u0440\u0435\u043c\u0430 \u0411\u043e\u043b\u043d\u0438\u0446\u0438 \u0443 \u0432\u0438\u0434\u0443 22 \u0441\u043f\u0435\u0446\u0438\u0458\u0430\u043b\u043d\u0430 \u043c\u0435\u0434\u0438\u0446\u0438\u043d\u0441\u043a\u0430 \u0434\u0443\u0448\u0435\u043a\u0430.<\/p>\n\n\n\n<p>\u0414\u0438\u0440\u0435\u043a\u0442\u043e\u0440 \u0411\u043e\u043b\u043d\u0438\u0446\u0435 \u0441\u0435 \u043f\u0440\u0435\u0434\u0441\u0442\u0430\u0432\u043d\u0438\u0446\u0438\u043c\u0430 \u0410\u0441\u043e\u0446\u0438\u0458\u0430\u0446\u0438\u0458\u0435 \u0437\u0430\u0445\u0432\u0430\u043b\u0438\u043e \u043d\u0430 \u043f\u043e\u0441\u0435\u0442\u0438 \u0438 \u043d\u0430\u043c\u0458\u0435\u0440\u0438\u043c\u0430, \u0438 \u0438\u0437\u0440\u0430\u0437\u0438\u043e \u043e\u0447\u0435\u043a\u0438\u0432\u0430\u045a\u0430 \u0434\u0430 \u045b\u0435 \u0443 \u043d\u0430\u0440\u0435\u0434\u043d\u043e\u043c \u043f\u0435\u0440\u0438\u043e\u0434\u0443 \u0441\u0430\u0440\u0430\u0434\u045a\u0435 \u0408\u0417\u0423 \u0411\u043e\u043b\u043d\u0438\u0446\u0435 \u0413\u0440\u0430\u0434\u0438\u0448\u043a\u0430 \u0441\u0430 \u0421\u0440\u043f\u0441\u043a\u043e-\u0430\u043c\u0435\u0440\u0438\u0447\u043a\u043e\u043c \u0430\u0441\u043e\u0446\u0438\u0458\u0430\u0446\u0438\u0458\u043e\u043c-\u0421\u0410\u041c\u0410 \u0431\u0438\u0442\u0438 \u0438\u043d\u0442\u0435\u043d\u0437\u0438\u0432\u0438\u0440\u0430\u043d\u0430.<\/p>","protected":false},"excerpt":{"rendered":"<p>Posjeta Srpsko-ameri\u010dke asocijacije Dana 05.10.2017.godine JZU Bolnicu Gradi\u0161ka posjetili su predstavnici Srpsko-ameri\u010dke medicinske asocijacije-SAMA (www.serbianama.org). Povod posjete bila je spremnost Srpsko-ameri\u010dke medicinske asocijacije-SAMA da u\u010destvuje u rekonstrukciji pojedinih prostornih dijelova JZU Bolnice Gradi\u0161ka. Srpsko-ameri\u010dka medicinska asocijacija-SAMA je do sada pru\u017eila ovaj vid pomo\u0107i za preko dvadeset zdravstvenih ustanova u Republici Srbiji. U razgovoru predstavnika Asocijacije [&hellip;]<\/p>\n","protected":false},"author":3,"featured_media":2272,"comment_status":"open","ping_status":"open","sticky":false,"template":"","format":"standard","meta":{"give_campaign_id":0,"footnotes":""},"categories":[1],"tags":[],"class_list":["post-1372","post","type-post","status-publish","format-standard","has-post-thumbnail","hentry","category-trip-to-bosnia"],"_links":{"self":[{"href":"https:\/\/www.serbianama.org\/sr\/wp-json\/wp\/v2\/posts\/1372","targetHints":{"allow":["GET"]}}],"collection":[{"href":"https:\/\/www.serbianama.org\/sr\/wp-json\/wp\/v2\/posts"}],"about":[{"href":"https:\/\/www.serbianama.org\/sr\/wp-json\/wp\/v2\/types\/post"}],"author":[{"embeddable":true,"href":"https:\/\/www.serbianama.org\/sr\/wp-json\/wp\/v2\/users\/3"}],"replies":[{"embeddable":true,"href":"https:\/\/www.serbianama.org\/sr\/wp-json\/wp\/v2\/comments?post=1372"}],"version-history":[{"count":0,"href":"https:\/\/www.serbianama.org\/sr\/wp-json\/wp\/v2\/posts\/1372\/revisions"}],"wp:featuredmedia":[{"embeddable":true,"href":"https:\/\/www.serbianama.org\/sr\/wp-json\/wp\/v2\/media\/2272"}],"wp:attachment":[{"href":"https:\/\/www.serbianama.org\/sr\/wp-json\/wp\/v2\/media?parent=1372"}],"wp:term":[{"taxonomy":"category","embeddable":true,"href":"https:\/\/www.serbianama.org\/sr\/wp-json\/wp\/v2\/categories?post=1372"},{"taxonomy":"post_tag","embeddable":true,"href":"https:\/\/www.serbianama.org\/sr\/wp-json\/wp\/v2\/tags?post=1372"}],"curies":[{"name":"\u0412\u041f","href":"https:\/\/api.w.org\/{rel}","templated":true}]}}